{"id":4460,"date":"2026-04-27T17:47:30","date_gmt":"2026-04-27T23:47:30","guid":{"rendered":"https:\/\/lasallecuernavaca.edu.mx\/reflejos\/?p=4460"},"modified":"2026-04-27T17:48:58","modified_gmt":"2026-04-27T23:48:58","slug":"conferencia-un-plano-estructural-para-una-ciudad-humana-segura-y-conectada","status":"publish","type":"post","link":"https:\/\/lasallecuernavaca.edu.mx\/reflejos\/2026\/conferencia-un-plano-estructural-para-una-ciudad-humana-segura-y-conectada\/","title":{"rendered":"Conferencia\u00a0Un plano estructural para una ciudad humana, segura y conectada"},"content":{"rendered":"\n<p>El pasado martes 14 de abril, en la Universidad La Salle Cuernavaca, se llev\u00f3 a cabo la pl\u00e1tica titulada&nbsp;<strong>\u201cUn plano estructural para una ciudad humana, segura y conectada\u201d,<\/strong>&nbsp;impartida por la Mtra. Frida T\u00e9llez, especialista en temas de movilidad y transporte, en el marco de actividades de la Escuela de Ingenier\u00eda y Escuela de Arquitectura, Dise\u00f1o y Comunicaci\u00f3n, representadas por el Ing. Erick Ram\u00edrez Jefe de carrera de Ingenier\u00eda Civil, por el Arq. Francisco Ram\u00edrez Jefe de carrera de Arquitectura, as\u00ed como del Mtro. Adolfo Aburto Director de la Escuela de Ingenier\u00eda y Lic. Margarita Sig\u00fcenza Cancino, Directora de la Escuela de Arquitectura, Dise\u00f1o y Comunicaci\u00f3n.<\/p>\n\n\n\n<figure class=\"wp-block-gallery has-nested-images columns-default is-cropped wp-block-gallery-1 is-layout-flex wp-block-gallery-is-layout-flex\">\n<figure class=\"wp-block-image size-large\"><img decoding=\"async\" loading=\"lazy\" width=\"1024\" height=\"768\" data-id=\"4461\" src=\"https:\/\/lasallecuernavaca.edu.mx\/reflejos\/wp-content\/uploads\/2026\/04\/IMG_0392-1024x768.jpeg\" alt=\"\" class=\"wp-image-4461\" srcset=\"https:\/\/lasallecuernavaca.edu.mx\/reflejos\/wp-content\/uploads\/2026\/04\/IMG_0392-1024x768.jpeg 1024w, https:\/\/lasallecuernavaca.edu.mx\/reflejos\/wp-content\/uploads\/2026\/04\/IMG_0392-300x225.jpeg 300w, https:\/\/lasallecuernavaca.edu.mx\/reflejos\/wp-content\/uploads\/2026\/04\/IMG_0392-768x576.jpeg 768w, https:\/\/lasallecuernavaca.edu.mx\/reflejos\/wp-content\/uploads\/2026\/04\/IMG_0392-1536x1152.jpeg 1536w, https:\/\/lasallecuernavaca.edu.mx\/reflejos\/wp-content\/uploads\/2026\/04\/IMG_0392-80x60.jpeg 80w, https:\/\/lasallecuernavaca.edu.mx\/reflejos\/wp-content\/uploads\/2026\/04\/IMG_0392.jpeg 1600w\" sizes=\"(max-width: 1024px) 100vw, 1024px\" \/><\/figure>\n<\/figure>\n\n\n\n<p>La sesi\u00f3n estuvo dirigida a estudiantes de las licenciaturas en Ingenier\u00eda Civil y Arquitectura, quienes tuvieron la oportunidad de acercarse a los principios y alcances de la Ley de Movilidad, Transporte y Seguridad Vial del Estado de Morelos, un instrumento clave para la transformaci\u00f3n del entorno urbano desde una perspectiva m\u00e1s incluyente, sostenible y centrada en las personas.<\/p>\n\n\n\n<p>Durante la charla, se abordaron aspectos fundamentales relacionados con la planeaci\u00f3n de ciudades que prioricen la seguridad vial, la accesibilidad universal y la movilidad eficiente, destacando la importancia de considerar a peatones, ciclistas y usuarios del transporte p\u00fablico como actores centrales en el dise\u00f1o del espacio urbano.<\/p>\n\n\n\n<figure class=\"wp-block-image size-large\"><img decoding=\"async\" loading=\"lazy\" width=\"1024\" height=\"576\" src=\"https:\/\/lasallecuernavaca.edu.mx\/reflejos\/wp-content\/uploads\/2026\/04\/IMG_0395-1024x576.jpeg\" alt=\"\" class=\"wp-image-4462\" srcset=\"https:\/\/lasallecuernavaca.edu.mx\/reflejos\/wp-content\/uploads\/2026\/04\/IMG_0395-1024x576.jpeg 1024w, https:\/\/lasallecuernavaca.edu.mx\/reflejos\/wp-content\/uploads\/2026\/04\/IMG_0395-300x169.jpeg 300w, https:\/\/lasallecuernavaca.edu.mx\/reflejos\/wp-content\/uploads\/2026\/04\/IMG_0395-768x432.jpeg 768w, https:\/\/lasallecuernavaca.edu.mx\/reflejos\/wp-content\/uploads\/2026\/04\/IMG_0395-1536x864.jpeg 1536w, https:\/\/lasallecuernavaca.edu.mx\/reflejos\/wp-content\/uploads\/2026\/04\/IMG_0395.jpeg 1600w\" sizes=\"(max-width: 1024px) 100vw, 1024px\" \/><\/figure>\n\n\n\n<p>Asimismo, la Mtra. T\u00e9llez enfatiz\u00f3 el papel que tienen las y los futuros profesionales de la arquitectura y la ingenier\u00eda civil en la construcci\u00f3n de entornos m\u00e1s seguros y habitables, subrayando la necesidad de integrar criterios de movilidad sustentable en sus propuestas de dise\u00f1o y desarrollo urbano.<\/p>\n\n\n\n<figure class=\"wp-block-gallery has-nested-images columns-default is-cropped wp-block-gallery-3 is-layout-flex wp-block-gallery-is-layout-flex\">\n<figure class=\"wp-block-image size-large\"><img decoding=\"async\" loading=\"lazy\" width=\"1024\" height=\"768\" data-id=\"4463\" src=\"https:\/\/lasallecuernavaca.edu.mx\/reflejos\/wp-content\/uploads\/2026\/04\/IMG_0394-1024x768.jpeg\" alt=\"\" class=\"wp-image-4463\" srcset=\"https:\/\/lasallecuernavaca.edu.mx\/reflejos\/wp-content\/uploads\/2026\/04\/IMG_0394-1024x768.jpeg 1024w, https:\/\/lasallecuernavaca.edu.mx\/reflejos\/wp-content\/uploads\/2026\/04\/IMG_0394-300x225.jpeg 300w, https:\/\/lasallecuernavaca.edu.mx\/reflejos\/wp-content\/uploads\/2026\/04\/IMG_0394-768x576.jpeg 768w, https:\/\/lasallecuernavaca.edu.mx\/reflejos\/wp-content\/uploads\/2026\/04\/IMG_0394-1536x1152.jpeg 1536w, https:\/\/lasallecuernavaca.edu.mx\/reflejos\/wp-content\/uploads\/2026\/04\/IMG_0394-80x60.jpeg 80w, https:\/\/lasallecuernavaca.edu.mx\/reflejos\/wp-content\/uploads\/2026\/04\/IMG_0394.jpeg 1600w\" sizes=\"(max-width: 1024px) 100vw, 1024px\" \/><\/figure>\n<\/figure>\n\n\n\n<p>La participaci\u00f3n activa del estudiantado permiti\u00f3 generar un espacio de reflexi\u00f3n en torno a los retos actuales de las ciudades y la responsabilidad social que implica proyectar soluciones que mejoren la calidad de vida de la poblaci\u00f3n.<\/p>\n\n\n\n<p>Con este tipo de actividades, la Universidad La Salle Cuernavaca reafirma su compromiso con la formaci\u00f3n integral de sus estudiantes, promoviendo el an\u00e1lisis cr\u00edtico y la vinculaci\u00f3n con temas relevantes para el desarrollo urbano y social de la regi\u00f3n.<\/p>\n","protected":false},"excerpt":{"rendered":"<p>El pasado martes 14 de abril, en la Universidad La Salle Cuernavaca, se llev\u00f3 a cabo la pl\u00e1tica titulada\u00a0\u201cUn plano estructural para una ciudad humana, segura y conectada\u201d,\u00a0impartida por la Mtra. Frida T\u00e9llez, especialista en temas de movilidad y transporte, en el marco de actividades de la Escuela de Ingenier\u00eda y Escuela de Arquitectura, Dise\u00f1o y Comunicaci\u00f3n, representadas por el Ing. Erick Ram\u00edrez Jefe de carrera de Ingenier\u00eda Civil, por el Arq. Francisco Ram\u00edrez Jefe de carrera de Arquitectura, as\u00ed como del Mtro. Adolfo Aburto Director de la Escuela de Ingenier\u00eda y Lic. Margarita Sig\u00fcenza Cancino, Directora de la Escuela de Arquitectura, Dise\u00f1o y Comunicaci\u00f3n.<\/p>\n","protected":false},"author":9,"featured_media":4465,"comment_status":"closed","ping_status":"open","sticky":false,"template":"","format":"standard","meta":{"footnotes":""},"categories":[6,1],"tags":[258,361,100],"_links":{"self":[{"href":"https:\/\/lasallecuernavaca.edu.mx\/reflejos\/wp-json\/wp\/v2\/posts\/4460"}],"collection":[{"href":"https:\/\/lasallecuernavaca.edu.mx\/reflejos\/wp-json\/wp\/v2\/posts"}],"about":[{"href":"https:\/\/lasallecuernavaca.edu.mx\/reflejos\/wp-json\/wp\/v2\/types\/post"}],"author":[{"embeddable":true,"href":"https:\/\/lasallecuernavaca.edu.mx\/reflejos\/wp-json\/wp\/v2\/users\/9"}],"replies":[{"embeddable":true,"href":"https:\/\/lasallecuernavaca.edu.mx\/reflejos\/wp-json\/wp\/v2\/comments?post=4460"}],"version-history":[{"count":1,"href":"https:\/\/lasallecuernavaca.edu.mx\/reflejos\/wp-json\/wp\/v2\/posts\/4460\/revisions"}],"predecessor-version":[{"id":4464,"href":"https:\/\/lasallecuernavaca.edu.mx\/reflejos\/wp-json\/wp\/v2\/posts\/4460\/revisions\/4464"}],"wp:featuredmedia":[{"embeddable":true,"href":"https:\/\/lasallecuernavaca.edu.mx\/reflejos\/wp-json\/wp\/v2\/media\/4465"}],"wp:attachment":[{"href":"https:\/\/lasallecuernavaca.edu.mx\/reflejos\/wp-json\/wp\/v2\/media?parent=4460"}],"wp:term":[{"taxonomy":"category","embeddable":true,"href":"https:\/\/lasallecuernavaca.edu.mx\/reflejos\/wp-json\/wp\/v2\/categories?post=4460"},{"taxonomy":"post_tag","embeddable":true,"href":"https:\/\/lasallecuernavaca.edu.mx\/reflejos\/wp-json\/wp\/v2\/tags?post=4460"}],"curies":[{"name":"wp","href":"https:\/\/api.w.org\/{rel}","templated":true}]}}