{"id":4431,"date":"2026-03-11T18:49:18","date_gmt":"2026-03-12T00:49:18","guid":{"rendered":"https:\/\/lasallecuernavaca.edu.mx\/reflejos\/?p=4431"},"modified":"2026-03-11T18:49:19","modified_gmt":"2026-03-12T00:49:19","slug":"8m-la-comunidad-universitaria-se-reunio-para-reflexionar-y-compartir","status":"publish","type":"post","link":"https:\/\/lasallecuernavaca.edu.mx\/reflejos\/2026\/8m-la-comunidad-universitaria-se-reunio-para-reflexionar-y-compartir\/","title":{"rendered":"8M: la comunidad universitaria se reuni\u00f3 para reflexionar y compartir"},"content":{"rendered":"\n<p>Por: Paulina Cerritos Nieto<\/p>\n\n\n\n<p>La comunidad estudiantil de la Universidad La Salle Cuernavaca comenz\u00f3 el 5 de marzo con una serie de intervenciones dentro del campus, con el objetivo de visibilizar la problem\u00e1tica de la violencia de g\u00e9nero y anunciar algunas actividades conmemorativas por el 8 de marzo, D\u00eda Internacional de la Mujer.<\/p>\n\n\n\n<figure class=\"wp-block-image size-large\"><img decoding=\"async\" loading=\"lazy\" width=\"1024\" height=\"682\" src=\"https:\/\/lasallecuernavaca.edu.mx\/reflejos\/wp-content\/uploads\/2026\/03\/IMG_3451-1024x682.jpeg\" alt=\"\" class=\"wp-image-4433\" srcset=\"https:\/\/lasallecuernavaca.edu.mx\/reflejos\/wp-content\/uploads\/2026\/03\/IMG_3451-1024x682.jpeg 1024w, https:\/\/lasallecuernavaca.edu.mx\/reflejos\/wp-content\/uploads\/2026\/03\/IMG_3451-300x200.jpeg 300w, https:\/\/lasallecuernavaca.edu.mx\/reflejos\/wp-content\/uploads\/2026\/03\/IMG_3451-768x512.jpeg 768w, https:\/\/lasallecuernavaca.edu.mx\/reflejos\/wp-content\/uploads\/2026\/03\/IMG_3451-1536x1023.jpeg 1536w, https:\/\/lasallecuernavaca.edu.mx\/reflejos\/wp-content\/uploads\/2026\/03\/IMG_3451.jpeg 1600w\" sizes=\"(max-width: 1024px) 100vw, 1024px\" \/><\/figure>\n\n\n\n<p>Entre las acciones realizadas, se colocaron frases alusivas a la lucha en los espejos de los ba\u00f1os femeninos, que invitan a la reflexi\u00f3n sobre los derechos de las mujeres. Esta iniciativa busc\u00f3 generar un momento de consciencia personal, invitando a quienes se miran en el espejo a reconocer su propio valor como mujeres, cuestionar las desigualdades que a\u00fan persisten y recordar la importancia de tejer redes de apoyo, as\u00ed como la defensa de los derechos de las mujeres.<\/p>\n\n\n\n<p>Otra actividad realizada dentro de la Universidad, fue la colocaci\u00f3n de pares de zapatos acompa\u00f1ados de tarjetas con nombres e informaci\u00f3n de v\u00edctimas de feminicidio, esto se llev\u00f3 a cabo alrededor del \u00e1rbol principal y en distintos espacios de la universidad. Esta instalaci\u00f3n tuvo como prop\u00f3sito generar conciencia entre estudiantes, docentes y personal acad\u00e9mico sobre la violencia contra las mujeres. La intervenci\u00f3n fue creada y organizada por integrantes del Consejo Universitario Estudiantil (CUE) y por estudiantes interesados en promover la reflexi\u00f3n sobre esta problem\u00e1tica social.<\/p>\n\n\n\n<figure class=\"wp-block-image size-large\"><img decoding=\"async\" loading=\"lazy\" width=\"1024\" height=\"682\" src=\"https:\/\/lasallecuernavaca.edu.mx\/reflejos\/wp-content\/uploads\/2026\/03\/IMG_3446-1024x682.jpeg\" alt=\"\" class=\"wp-image-4434\" srcset=\"https:\/\/lasallecuernavaca.edu.mx\/reflejos\/wp-content\/uploads\/2026\/03\/IMG_3446-1024x682.jpeg 1024w, https:\/\/lasallecuernavaca.edu.mx\/reflejos\/wp-content\/uploads\/2026\/03\/IMG_3446-300x200.jpeg 300w, https:\/\/lasallecuernavaca.edu.mx\/reflejos\/wp-content\/uploads\/2026\/03\/IMG_3446-768x512.jpeg 768w, https:\/\/lasallecuernavaca.edu.mx\/reflejos\/wp-content\/uploads\/2026\/03\/IMG_3446-1536x1023.jpeg 1536w, https:\/\/lasallecuernavaca.edu.mx\/reflejos\/wp-content\/uploads\/2026\/03\/IMG_3446.jpeg 1600w\" sizes=\"(max-width: 1024px) 100vw, 1024px\" \/><\/figure>\n\n\n\n<p>Desde las 7:00 de la ma\u00f1ana del mi\u00e9rcoles 4 de marzo, comenzaron a aparecer los pares de zapatos acompa\u00f1ados de tarjetas con nombres, edades y descripciones de casos de feminicidio ocurridos en M\u00e9xico. Cada par de zapatos representa simb\u00f3licamente la ausencia de una mujer que fue v\u00edctima de violencia feminicida. En algunos carteles tambi\u00e9n se menciona el lugar donde ocurrieron los hechos o el a\u00f1o en que fueron registrados, adem\u00e1s de incluir informaci\u00f3n general sobre la violencia de g\u00e9nero en M\u00e9xico. Uno de los carteles se\u00f1alaba que, durante el primer mes de 2026, se han registrado 54 feminicidios en el pa\u00eds. Esta informaci\u00f3n busca contextualizar la problem\u00e1tica y llamar la atenci\u00f3n de la comunidad universitaria. La instalaci\u00f3n fue colocada en espacios visibles del campus, con el objetivo de provocar reflexi\u00f3n entre los estudiantes y recordar la gravedad de la violencia contra las mujeres.<\/p>\n\n\n\n<p>Como parte de las actividades previas al D\u00eda Internacional de la Mujer, el Consejo Universitario Estudiantil tambi\u00e9n difundi\u00f3 a trav\u00e9s de grupos de WhatsApp, por medio de los jefes de carrera, una invitaci\u00f3n dirigida a toda la comunidad de la Universidad La Salle Cuernavaca para participar en el taller <strong>\u201cPinta tu lucha\u201d<\/strong>. Este espacio creativo permiti\u00f3 que las y los estudiantes elaboren carteles relacionados con la igualdad de g\u00e9nero y la defensa de los derechos de las mujeres.<\/p>\n\n\n\n<figure class=\"wp-block-image size-large\"><img decoding=\"async\" loading=\"lazy\" width=\"1024\" height=\"682\" src=\"https:\/\/lasallecuernavaca.edu.mx\/reflejos\/wp-content\/uploads\/2026\/03\/IMG_3449-1024x682.jpeg\" alt=\"\" class=\"wp-image-4435\" srcset=\"https:\/\/lasallecuernavaca.edu.mx\/reflejos\/wp-content\/uploads\/2026\/03\/IMG_3449-1024x682.jpeg 1024w, https:\/\/lasallecuernavaca.edu.mx\/reflejos\/wp-content\/uploads\/2026\/03\/IMG_3449-300x200.jpeg 300w, https:\/\/lasallecuernavaca.edu.mx\/reflejos\/wp-content\/uploads\/2026\/03\/IMG_3449-768x512.jpeg 768w, https:\/\/lasallecuernavaca.edu.mx\/reflejos\/wp-content\/uploads\/2026\/03\/IMG_3449-1536x1023.jpeg 1536w, https:\/\/lasallecuernavaca.edu.mx\/reflejos\/wp-content\/uploads\/2026\/03\/IMG_3449.jpeg 1600w\" sizes=\"(max-width: 1024px) 100vw, 1024px\" \/><\/figure>\n\n\n\n<p>El taller se llev\u00f3 a cabo el 6 de marzo de 2026 de 14:00 a 15:30 hrs. en el auditorio SUMA dentro de la Universidad. La actividad estuvo abierta a todos los estudiantes interesados en participar y expresar, a trav\u00e9s de carteles, sus ideas, reflexiones y mensajes sobre la lucha feminista y la erradicaci\u00f3n de la violencia de g\u00e9nero. Durante el taller se proporcionaron materiales de pintura para que los asistentes pudieran elaborar sus carteles, y as\u00ed, compartir sus posturas en apoyo a la igualdad y la justicia para las mujeres.<\/p>\n\n\n\n<p>En M\u00e9xico, la violencia contra las mujeres contin\u00faa siendo una problem\u00e1tica social de gran importancia. (CONAVIM, 2016), \u201cel feminicidio es considerado la forma m\u00e1s extrema de violencia contra las mujeres, ya que ocurre cuando una mujer es asesinada por razones de g\u00e9nero\u201d. Esta situaci\u00f3n ha sido denunciada por diversas organizaciones civiles y organismos internacionales debido al n\u00famero de casos registrados cada a\u00f1o.<\/p>\n\n\n\n<p>Este tipo de iniciativas buscan generar espacios de expresi\u00f3n, di\u00e1logo y reflexi\u00f3n dentro de la comunidad universitaria. A trav\u00e9s de ellas, la Universidad La Salle Cuernavaca fomenta la participaci\u00f3n estudiantil y promueve la consciencia sobre los derechos humanos y la violencia de g\u00e9nero.<\/p>\n\n\n\n<figure class=\"wp-block-image size-large\"><img decoding=\"async\" loading=\"lazy\" width=\"1024\" height=\"682\" src=\"https:\/\/lasallecuernavaca.edu.mx\/reflejos\/wp-content\/uploads\/2026\/03\/IMG_3448-1024x682.jpeg\" alt=\"\" class=\"wp-image-4436\" srcset=\"https:\/\/lasallecuernavaca.edu.mx\/reflejos\/wp-content\/uploads\/2026\/03\/IMG_3448-1024x682.jpeg 1024w, https:\/\/lasallecuernavaca.edu.mx\/reflejos\/wp-content\/uploads\/2026\/03\/IMG_3448-300x200.jpeg 300w, https:\/\/lasallecuernavaca.edu.mx\/reflejos\/wp-content\/uploads\/2026\/03\/IMG_3448-768x512.jpeg 768w, https:\/\/lasallecuernavaca.edu.mx\/reflejos\/wp-content\/uploads\/2026\/03\/IMG_3448-1536x1023.jpeg 1536w, https:\/\/lasallecuernavaca.edu.mx\/reflejos\/wp-content\/uploads\/2026\/03\/IMG_3448.jpeg 1600w\" sizes=\"(max-width: 1024px) 100vw, 1024px\" \/><\/figure>\n\n\n\n<p><strong>Referencias:<\/strong><\/p>\n\n\n\n<p>Comisi\u00f3n Nacional para Prevenir y Erradicar la Violencia contra las Mujeres (CONAVIM). <em>\u00bfQu\u00e9 es el feminicidio y c\u00f3mo identificarlo? <\/em>Gobierno de M\u00e9xico. Disponible en:<\/p>\n\n\n\n<p>https:\/\/<a href=\"http:\/\/www.gob.mx\/conavim\/articulos\/que-es-el-feminicidio-y-como-\">www.gob.mx\/conavim\/articulos\/que-es-el-feminicidio-y-como-<\/a> identificarlo?idiom=es<\/p>\n\n\n\n<p>Consejo Universitario Estudiantil. (2026). <em>Taller: Pinta tu lucha <\/em>[Cartel]. Universidad La Salle Cuernavaca.<\/p>\n","protected":false},"excerpt":{"rendered":"<p>La comunidad estudiantil de la Universidad La Salle Cuernavaca comenz\u00f3 el 5 de marzo con una serie de intervenciones dentro del campus, con el objetivo de visibilizar la problem\u00e1tica de la violencia de g\u00e9nero y anunciar algunas actividades conmemorativas por el 8 de marzo, D\u00eda Internacional de la Mujer.<\/p>\n","protected":false},"author":9,"featured_media":4437,"comment_status":"closed","ping_status":"open","sticky":false,"template":"","format":"standard","meta":{"footnotes":""},"categories":[1],"tags":[362,81,100],"_links":{"self":[{"href":"https:\/\/lasallecuernavaca.edu.mx\/reflejos\/wp-json\/wp\/v2\/posts\/4431"}],"collection":[{"href":"https:\/\/lasallecuernavaca.edu.mx\/reflejos\/wp-json\/wp\/v2\/posts"}],"about":[{"href":"https:\/\/lasallecuernavaca.edu.mx\/reflejos\/wp-json\/wp\/v2\/types\/post"}],"author":[{"embeddable":true,"href":"https:\/\/lasallecuernavaca.edu.mx\/reflejos\/wp-json\/wp\/v2\/users\/9"}],"replies":[{"embeddable":true,"href":"https:\/\/lasallecuernavaca.edu.mx\/reflejos\/wp-json\/wp\/v2\/comments?post=4431"}],"version-history":[{"count":2,"href":"https:\/\/lasallecuernavaca.edu.mx\/reflejos\/wp-json\/wp\/v2\/posts\/4431\/revisions"}],"predecessor-version":[{"id":4438,"href":"https:\/\/lasallecuernavaca.edu.mx\/reflejos\/wp-json\/wp\/v2\/posts\/4431\/revisions\/4438"}],"wp:featuredmedia":[{"embeddable":true,"href":"https:\/\/lasallecuernavaca.edu.mx\/reflejos\/wp-json\/wp\/v2\/media\/4437"}],"wp:attachment":[{"href":"https:\/\/lasallecuernavaca.edu.mx\/reflejos\/wp-json\/wp\/v2\/media?parent=4431"}],"wp:term":[{"taxonomy":"category","embeddable":true,"href":"https:\/\/lasallecuernavaca.edu.mx\/reflejos\/wp-json\/wp\/v2\/categories?post=4431"},{"taxonomy":"post_tag","embeddable":true,"href":"https:\/\/lasallecuernavaca.edu.mx\/reflejos\/wp-json\/wp\/v2\/tags?post=4431"}],"curies":[{"name":"wp","href":"https:\/\/api.w.org\/{rel}","templated":true}]}}