{"id":4375,"date":"2026-01-28T09:05:55","date_gmt":"2026-01-28T15:05:55","guid":{"rendered":"https:\/\/lasallecuernavaca.edu.mx\/reflejos\/?p=4375"},"modified":"2026-01-28T09:05:56","modified_gmt":"2026-01-28T15:05:56","slug":"talento-y-vision-cielo-gavito-nueva-integrante-del-consejo-de-gobierno","status":"publish","type":"post","link":"https:\/\/lasallecuernavaca.edu.mx\/reflejos\/2026\/talento-y-vision-cielo-gavito-nueva-integrante-del-consejo-de-gobierno\/","title":{"rendered":"Talento y visi\u00f3n: Cielo Gavito, nueva integrante del Consejo de Gobierno"},"content":{"rendered":"\n<p>La comunidad de La Salle Cuernavaca celebra la integraci\u00f3n de la<strong> Mtra. Cielo Gavito G\u00f3mez como nueva integrante del Consejo de Gobierno<\/strong> de nuestra universidad. Su incorporaci\u00f3n representa un valioso aporte para la toma de decisiones institucionales, respaldada por una trayectoria excepcional en el \u00e1mbito acad\u00e9mico y humanista.<\/p>\n\n\n\n<h3 class=\"wp-block-heading\">Una trayectoria de excelencia y compromiso<\/h3>\n\n\n\n<p>Cielo Gavito es <strong>Psic\u00f3loga<\/strong> por la UNAM, donde obtuvo la <strong>Medalla Gabino Barreda<\/strong> por su destacado desempe\u00f1o acad\u00e9mico<sup><\/sup><sup><\/sup><sup><\/sup><sup><\/sup><sup><\/sup><sup><\/sup><sup><\/sup><sup><\/sup><sup><\/sup>. Su formaci\u00f3n es vasta y diversa, contando con:<\/p>\n\n\n\n<ul>\n<li>Maestr\u00eda en <strong>Educaci\u00f3n Centrada en la Persona<\/strong> por el Instituto Gestalt de Cuernavaca<sup><\/sup>.<\/li>\n\n\n\n<li>Maestr\u00eda en <strong>Educaci\u00f3n con opci\u00f3n en Docencia en la Educaci\u00f3n Superior<\/strong> por la Universidad Internacional<sup><\/sup><sup><\/sup><sup><\/sup><sup><\/sup><sup><\/sup><sup><\/sup><sup><\/sup><sup><\/sup><sup><\/sup>.<\/li>\n\n\n\n<li>Diversos diplomados en <strong>Tanatolog\u00eda, Formaci\u00f3n Lasallista, Filosof\u00eda y Psicolog\u00eda Transpersonal<\/strong>.<\/li>\n<\/ul>\n\n\n\n<div class=\"wp-block-columns is-layout-flex wp-container-3 wp-block-columns-is-layout-flex\">\n<div class=\"wp-block-column is-layout-flow wp-block-column-is-layout-flow\">\n<h3 class=\"wp-block-heading\">Liderazgo que transforma<\/h3>\n\n\n\n<p>Dentro de nuestra comunidad, Gavito ha dejado una huella profunda. Se desempe\u00f1\u00f3 como <strong>Directora de la Escuela de Psicolog\u00eda y Educaci\u00f3n<\/strong> en la Universidad La Salle Cuernavaca desde 2015 hasta 2024, donde lider\u00f3 con \u00e9xito la gesti\u00f3n acad\u00e9mica y la supervisi\u00f3n de programas de posgrado. Asimismo, cuenta con m\u00e1s de dos d\u00e9cadas de experiencia como Directora de Preparatoria en el Colegio Williams de Cuernavaca y actualmente colabora como <strong>Par Evaluador<\/strong> para los CIEES.<\/p>\n\n\n\n<p>Adem\u00e1s de su labor directiva, mantiene una s\u00f3lida <strong>pr\u00e1ctica privada<\/strong> en consulta psicol\u00f3gica y tanatol\u00f3gica desde 1985.<\/p>\n<\/div>\n\n\n\n<div class=\"wp-block-column is-vertically-aligned-center is-layout-flow wp-block-column-is-layout-flow\">\n<figure class=\"wp-block-image size-large\"><img decoding=\"async\" loading=\"lazy\" width=\"683\" height=\"1024\" src=\"https:\/\/lasallecuernavaca.edu.mx\/reflejos\/wp-content\/uploads\/2026\/01\/retrato-683x1024.jpeg\" alt=\"\" class=\"wp-image-4377\" srcset=\"https:\/\/lasallecuernavaca.edu.mx\/reflejos\/wp-content\/uploads\/2026\/01\/retrato-683x1024.jpeg 683w, https:\/\/lasallecuernavaca.edu.mx\/reflejos\/wp-content\/uploads\/2026\/01\/retrato-200x300.jpeg 200w, https:\/\/lasallecuernavaca.edu.mx\/reflejos\/wp-content\/uploads\/2026\/01\/retrato-768x1152.jpeg 768w, https:\/\/lasallecuernavaca.edu.mx\/reflejos\/wp-content\/uploads\/2026\/01\/retrato-1024x1536.jpeg 1024w, https:\/\/lasallecuernavaca.edu.mx\/reflejos\/wp-content\/uploads\/2026\/01\/retrato.jpeg 1365w\" sizes=\"(max-width: 683px) 100vw, 683px\" \/><\/figure>\n<\/div>\n<\/div>\n\n\n\n<p>Le damos la m\u00e1s cordial bienvenida a este nuevo encargo. Estamos seguros de que su liderazgo colaborativo, su visi\u00f3n humanista y su amplia experiencia en procesos de acreditaci\u00f3n y calidad educativa ser\u00e1n pilares fundamentales para el crecimiento continuo de nuestra universidad<sup><\/sup><sup><\/sup><sup><\/sup><sup><\/sup><sup><\/sup><sup><\/sup><sup><\/sup><sup><\/sup><sup><\/sup>.<\/p>\n\n\n\n<p class=\"has-large-font-size\"><strong>\u00a1Le deseamos el mayor de los \u00e9xitos en esta importante labor dentro del Consejo de Gobierno!<\/strong><\/p>\n","protected":false},"excerpt":{"rendered":"<p>La comunidad de La Salle Cuernavaca celebra la integraci\u00f3n de la Mtra. Cielo Gavito G\u00f3mez como nueva integrante del Consejo de Gobierno de nuestra universidad. Su incorporaci\u00f3n representa un valioso aporte para la toma de decisiones institucionales, respaldada por una trayectoria excepcional en el \u00e1mbito acad\u00e9mico y humanista. Una trayectoria de excelencia y compromiso Cielo [&hellip;]<\/p>\n","protected":false},"author":7,"featured_media":4376,"comment_status":"closed","ping_status":"open","sticky":false,"template":"","format":"standard","meta":{"footnotes":""},"categories":[1,5],"tags":[357,358,100],"_links":{"self":[{"href":"https:\/\/lasallecuernavaca.edu.mx\/reflejos\/wp-json\/wp\/v2\/posts\/4375"}],"collection":[{"href":"https:\/\/lasallecuernavaca.edu.mx\/reflejos\/wp-json\/wp\/v2\/posts"}],"about":[{"href":"https:\/\/lasallecuernavaca.edu.mx\/reflejos\/wp-json\/wp\/v2\/types\/post"}],"author":[{"embeddable":true,"href":"https:\/\/lasallecuernavaca.edu.mx\/reflejos\/wp-json\/wp\/v2\/users\/7"}],"replies":[{"embeddable":true,"href":"https:\/\/lasallecuernavaca.edu.mx\/reflejos\/wp-json\/wp\/v2\/comments?post=4375"}],"version-history":[{"count":1,"href":"https:\/\/lasallecuernavaca.edu.mx\/reflejos\/wp-json\/wp\/v2\/posts\/4375\/revisions"}],"predecessor-version":[{"id":4378,"href":"https:\/\/lasallecuernavaca.edu.mx\/reflejos\/wp-json\/wp\/v2\/posts\/4375\/revisions\/4378"}],"wp:featuredmedia":[{"embeddable":true,"href":"https:\/\/lasallecuernavaca.edu.mx\/reflejos\/wp-json\/wp\/v2\/media\/4376"}],"wp:attachment":[{"href":"https:\/\/lasallecuernavaca.edu.mx\/reflejos\/wp-json\/wp\/v2\/media?parent=4375"}],"wp:term":[{"taxonomy":"category","embeddable":true,"href":"https:\/\/lasallecuernavaca.edu.mx\/reflejos\/wp-json\/wp\/v2\/categories?post=4375"},{"taxonomy":"post_tag","embeddable":true,"href":"https:\/\/lasallecuernavaca.edu.mx\/reflejos\/wp-json\/wp\/v2\/tags?post=4375"}],"curies":[{"name":"wp","href":"https:\/\/api.w.org\/{rel}","templated":true}]}}