{"id":4369,"date":"2025-12-09T16:45:16","date_gmt":"2025-12-09T22:45:16","guid":{"rendered":"https:\/\/lasallecuernavaca.edu.mx\/reflejos\/?p=4369"},"modified":"2025-12-09T16:45:18","modified_gmt":"2025-12-09T22:45:18","slug":"propuestas-analisis-y-dialogo-desde-la-comunidad-estudiantil","status":"publish","type":"post","link":"https:\/\/lasallecuernavaca.edu.mx\/reflejos\/2025\/propuestas-analisis-y-dialogo-desde-la-comunidad-estudiantil\/","title":{"rendered":"Propuestas, an\u00e1lisis y di\u00e1logo desde la comunidad estudiantil."},"content":{"rendered":"\n<p>El pasado 25 de noviembre de 2025 se llev\u00f3 a cabo la 3\u00aa Jornada de Investigaci\u00f3n de la Escuela de Derecho, un espacio acad\u00e9mico que reuni\u00f3 a estudiantes de distintos semestres y niveles formativos, tanto de licenciatura como de posgrado, quienes presentaron los proyectos finales desarrollados en asignaturas con l\u00ednea de investigaci\u00f3n. Esta jornada tuvo como objetivo principal fortalecer la cultura investigativa, incentivar el pensamiento cr\u00edtico y promover el an\u00e1lisis riguroso de diversas problem\u00e1ticas jur\u00eddicas de actualidad.<\/p>\n\n\n\n<figure class=\"wp-block-image size-large\"><img decoding=\"async\" loading=\"lazy\" width=\"1024\" height=\"472\" src=\"https:\/\/lasallecuernavaca.edu.mx\/reflejos\/wp-content\/uploads\/2025\/12\/IMG_3019-1-1024x472.jpeg\" alt=\"\" class=\"wp-image-4372\" srcset=\"https:\/\/lasallecuernavaca.edu.mx\/reflejos\/wp-content\/uploads\/2025\/12\/IMG_3019-1-1024x472.jpeg 1024w, https:\/\/lasallecuernavaca.edu.mx\/reflejos\/wp-content\/uploads\/2025\/12\/IMG_3019-1-300x138.jpeg 300w, https:\/\/lasallecuernavaca.edu.mx\/reflejos\/wp-content\/uploads\/2025\/12\/IMG_3019-1-768x354.jpeg 768w, https:\/\/lasallecuernavaca.edu.mx\/reflejos\/wp-content\/uploads\/2025\/12\/IMG_3019-1-1536x708.jpeg 1536w, https:\/\/lasallecuernavaca.edu.mx\/reflejos\/wp-content\/uploads\/2025\/12\/IMG_3019-1.jpeg 1600w\" sizes=\"(max-width: 1024px) 100vw, 1024px\" \/><\/figure>\n\n\n\n<p>Los trabajos expuestos reflejan de manera clara el compromiso, la disciplina acad\u00e9mica y la capacidad anal\u00edtica de nuestra comunidad estudiantil, as\u00ed como su inter\u00e9s por proponer soluciones jur\u00eddicas fundamentadas, con sustento te\u00f3rico y metodol\u00f3gico. A trav\u00e9s de sus investigaciones, las y los estudiantes demostraron habilidades para vincular el conocimiento jur\u00eddico con la realidad social, econ\u00f3mica y pol\u00edtica del entorno.<\/p>\n\n\n\n<p>Durante el evento se presentaron propuestas de reforma al C\u00f3digo Penal, reflexiones orientadas a la redacci\u00f3n de ensayos acad\u00e9micos con fines de publicaci\u00f3n, an\u00e1lisis sobre garant\u00edas en materia laboral, as\u00ed como exploraciones doctrinales relacionadas con el neoconstitucionalismo. Asimismo, se abordaron temas de gran relevancia social como la justicia restaurativa en el sistema penal juvenil, el derecho humano a un medio ambiente sano, la vulnerabilidad emocional en personas adultas mayores y la importancia de la salud mental en el \u00e1mbito escolar, evidenciando la diversidad tem\u00e1tica y la profundidad de los enfoques presentados.<\/p>\n\n\n\n<p>Este intercambio plural de ideas, experiencias y perspectivas gener\u00f3 un di\u00e1logo enriquecedor entre los participantes, fortaleciendo no solo su preparaci\u00f3n acad\u00e9mica, sino tambi\u00e9n su formaci\u00f3n \u00e9tica y profesional. La jornada permiti\u00f3 adem\u00e1s fomentar el respeto por la investigaci\u00f3n como una herramienta fundamental para la construcci\u00f3n de propuestas jur\u00eddicas responsables y socialmente comprometidas.<\/p>\n\n\n\n<p>Valoramos profundamente la participaci\u00f3n de todas las personas que hicieron posible la realizaci\u00f3n de esta jornada acad\u00e9mica, as\u00ed como la dedicaci\u00f3n, el esfuerzo y el entusiasmo de las y los ponentes. Cerramos este encuentro con la firme convicci\u00f3n de continuar impulsando espacios que promuevan el desarrollo del conocimiento jur\u00eddico, la investigaci\u00f3n cient\u00edfica y la formaci\u00f3n integral de nuestra comunidad estudiantil.<\/p>\n\n\n\n<p>\u00a1Gracias por sumarse con su energ\u00eda, compromiso y vocaci\u00f3n acad\u00e9mica!<\/p>\n","protected":false},"excerpt":{"rendered":"<p>El pasado 25 de noviembre de 2025 se llev\u00f3 a cabo la 3\u00aa Jornada de Investigaci\u00f3n de la Escuela de Derecho, un espacio acad\u00e9mico que reuni\u00f3 a estudiantes de distintos semestres y niveles formativos, tanto de licenciatura como de posgrado, quienes presentaron los proyectos finales desarrollados en asignaturas con l\u00ednea de investigaci\u00f3n. Esta jornada tuvo como objetivo principal fortalecer la cultura investigativa, incentivar el pensamiento cr\u00edtico y promover el an\u00e1lisis riguroso de diversas problem\u00e1ticas jur\u00eddicas de actualidad.<\/p>\n","protected":false},"author":9,"featured_media":4373,"comment_status":"closed","ping_status":"open","sticky":false,"template":"","format":"standard","meta":{"footnotes":""},"categories":[12,1],"tags":[262,81,100],"_links":{"self":[{"href":"https:\/\/lasallecuernavaca.edu.mx\/reflejos\/wp-json\/wp\/v2\/posts\/4369"}],"collection":[{"href":"https:\/\/lasallecuernavaca.edu.mx\/reflejos\/wp-json\/wp\/v2\/posts"}],"about":[{"href":"https:\/\/lasallecuernavaca.edu.mx\/reflejos\/wp-json\/wp\/v2\/types\/post"}],"author":[{"embeddable":true,"href":"https:\/\/lasallecuernavaca.edu.mx\/reflejos\/wp-json\/wp\/v2\/users\/9"}],"replies":[{"embeddable":true,"href":"https:\/\/lasallecuernavaca.edu.mx\/reflejos\/wp-json\/wp\/v2\/comments?post=4369"}],"version-history":[{"count":1,"href":"https:\/\/lasallecuernavaca.edu.mx\/reflejos\/wp-json\/wp\/v2\/posts\/4369\/revisions"}],"predecessor-version":[{"id":4374,"href":"https:\/\/lasallecuernavaca.edu.mx\/reflejos\/wp-json\/wp\/v2\/posts\/4369\/revisions\/4374"}],"wp:featuredmedia":[{"embeddable":true,"href":"https:\/\/lasallecuernavaca.edu.mx\/reflejos\/wp-json\/wp\/v2\/media\/4373"}],"wp:attachment":[{"href":"https:\/\/lasallecuernavaca.edu.mx\/reflejos\/wp-json\/wp\/v2\/media?parent=4369"}],"wp:term":[{"taxonomy":"category","embeddable":true,"href":"https:\/\/lasallecuernavaca.edu.mx\/reflejos\/wp-json\/wp\/v2\/categories?post=4369"},{"taxonomy":"post_tag","embeddable":true,"href":"https:\/\/lasallecuernavaca.edu.mx\/reflejos\/wp-json\/wp\/v2\/tags?post=4369"}],"curies":[{"name":"wp","href":"https:\/\/api.w.org\/{rel}","templated":true}]}}