{"id":4364,"date":"2025-12-04T17:10:38","date_gmt":"2025-12-04T23:10:38","guid":{"rendered":"https:\/\/lasallecuernavaca.edu.mx\/reflejos\/?p=4364"},"modified":"2025-12-04T17:10:39","modified_gmt":"2025-12-04T23:10:39","slug":"la-salle-cuernavaca-celebra-a-la-fcq-de-la-uaem","status":"publish","type":"post","link":"https:\/\/lasallecuernavaca.edu.mx\/reflejos\/2025\/la-salle-cuernavaca-celebra-a-la-fcq-de-la-uaem\/","title":{"rendered":"La Salle Cuernavaca Celebra a la FCQ de la UAEM"},"content":{"rendered":"\n<p>El pasado&nbsp;<strong>3 de diciembre<\/strong>&nbsp;se vivi\u00f3 un momento de gran trascendencia para la educaci\u00f3n en Morelos, ya que la&nbsp;<strong>Facultad de Ciencias Qu\u00edmicas e Ingenier\u00eda (FCQeI)<\/strong>&nbsp;de la Universidad Aut\u00f3noma del Estado de Morelos (UAEM) fue reconocida con el prestigioso&nbsp;<strong>Distintivo Platino<\/strong>&nbsp;que otorga la Asociaci\u00f3n Nacional de Facultades y Escuelas de Ingenier\u00eda (<strong>ANFEI<\/strong>).<\/p>\n\n\n\n<figure class=\"wp-block-image size-large\"><img decoding=\"async\" loading=\"lazy\" width=\"1024\" height=\"668\" src=\"https:\/\/lasallecuernavaca.edu.mx\/reflejos\/wp-content\/uploads\/2025\/12\/IMG_2998-1024x668.jpeg\" alt=\"\" class=\"wp-image-4365\" srcset=\"https:\/\/lasallecuernavaca.edu.mx\/reflejos\/wp-content\/uploads\/2025\/12\/IMG_2998-1024x668.jpeg 1024w, https:\/\/lasallecuernavaca.edu.mx\/reflejos\/wp-content\/uploads\/2025\/12\/IMG_2998-300x196.jpeg 300w, https:\/\/lasallecuernavaca.edu.mx\/reflejos\/wp-content\/uploads\/2025\/12\/IMG_2998-768x501.jpeg 768w, https:\/\/lasallecuernavaca.edu.mx\/reflejos\/wp-content\/uploads\/2025\/12\/IMG_2998-1536x1002.jpeg 1536w, https:\/\/lasallecuernavaca.edu.mx\/reflejos\/wp-content\/uploads\/2025\/12\/IMG_2998.jpeg 1600w\" sizes=\"(max-width: 1024px) 100vw, 1024px\" \/><\/figure>\n\n\n\n<p>La distinci\u00f3n fue entregada en una ceremonia solemne que premia la calidad, la pertinencia de los programas acad\u00e9micos y la excelencia de la planta docente. La Salle Cuernavaca, en un gesto de hermandad y reconocimiento a la excelencia educativa de la regi\u00f3n, se hizo presente en el evento.<\/p>\n\n\n\n<p><strong>Un Logro Liderado por la Mtra. Ang\u00e9lica Galindo<\/strong><\/p>\n\n\n\n<p>Este importante hito es resultado de un arduo trabajo y del compromiso con la mejora continua. La distinci\u00f3n fue recibida por la&nbsp;<strong>Mtra. Mtra. Ang\u00e9lica Galindo Flores<\/strong>, Directora de la FCQeI, cuyo liderazgo ha sido fundamental para consolidar a la Facultad como una de las instituciones m\u00e1s destacadas en el panorama nacional de la ingenier\u00eda.<\/p>\n\n\n\n<figure class=\"wp-block-image size-large\"><img decoding=\"async\" loading=\"lazy\" width=\"1024\" height=\"682\" src=\"https:\/\/lasallecuernavaca.edu.mx\/reflejos\/wp-content\/uploads\/2025\/12\/IMG_2997-1024x682.jpeg\" alt=\"\" class=\"wp-image-4366\" srcset=\"https:\/\/lasallecuernavaca.edu.mx\/reflejos\/wp-content\/uploads\/2025\/12\/IMG_2997-1024x682.jpeg 1024w, https:\/\/lasallecuernavaca.edu.mx\/reflejos\/wp-content\/uploads\/2025\/12\/IMG_2997-300x200.jpeg 300w, https:\/\/lasallecuernavaca.edu.mx\/reflejos\/wp-content\/uploads\/2025\/12\/IMG_2997-768x512.jpeg 768w, https:\/\/lasallecuernavaca.edu.mx\/reflejos\/wp-content\/uploads\/2025\/12\/IMG_2997-1536x1023.jpeg 1536w, https:\/\/lasallecuernavaca.edu.mx\/reflejos\/wp-content\/uploads\/2025\/12\/IMG_2997.jpeg 1600w\" sizes=\"(max-width: 1024px) 100vw, 1024px\" \/><\/figure>\n\n\n\n<p>El Distintivo Platino ANFEI es la m\u00e1xima categor\u00eda que otorga esta asociaci\u00f3n, y refleja la solidez de los procesos de ense\u00f1anza-aprendizaje y la infraestructura de vanguardia de la Facultad.&nbsp;En representaci\u00f3n de nuestra casa de estudios, asisti\u00f3 el&nbsp;<strong>Mtro. Ing. Adolfo Aburto Tamayo<\/strong>, Director de la Escuela de Ingenier\u00eda.<\/p>\n\n\n\n<p>Nos enorgullece ser testigos y part\u00edcipes de los logros de instituciones hermanas que elevan el nivel educativo en nuestro estado. Felicitamos&nbsp;con cari\u00f1o&nbsp;a la Mtra. Ang\u00e9lica Galindo Flores, a su equipo directivo y a toda la comunidad de la FCQeI por este merecido reconocimiento que inspira a seguir buscando la excelencia en nuestras propias Facultades y Escuelas. \u00a1Enhorabuena!&#8221;<\/p>\n","protected":false},"excerpt":{"rendered":"<p>El pasado\u00a03 de diciembre\u00a0se vivi\u00f3 un momento de gran trascendencia para la educaci\u00f3n en Morelos, ya que la\u00a0Facultad de Ciencias Qu\u00edmicas e Ingenier\u00eda (FCQeI)\u00a0de la Universidad Aut\u00f3noma del Estado de Morelos (UAEM) fue reconocida con el prestigioso\u00a0Distintivo Platino\u00a0que otorga la Asociaci\u00f3n Nacional de Facultades y Escuelas de Ingenier\u00eda (ANFEI).<\/p>\n","protected":false},"author":9,"featured_media":4367,"comment_status":"closed","ping_status":"open","sticky":false,"template":"","format":"standard","meta":{"footnotes":""},"categories":[11,1],"tags":[23,81,100],"_links":{"self":[{"href":"https:\/\/lasallecuernavaca.edu.mx\/reflejos\/wp-json\/wp\/v2\/posts\/4364"}],"collection":[{"href":"https:\/\/lasallecuernavaca.edu.mx\/reflejos\/wp-json\/wp\/v2\/posts"}],"about":[{"href":"https:\/\/lasallecuernavaca.edu.mx\/reflejos\/wp-json\/wp\/v2\/types\/post"}],"author":[{"embeddable":true,"href":"https:\/\/lasallecuernavaca.edu.mx\/reflejos\/wp-json\/wp\/v2\/users\/9"}],"replies":[{"embeddable":true,"href":"https:\/\/lasallecuernavaca.edu.mx\/reflejos\/wp-json\/wp\/v2\/comments?post=4364"}],"version-history":[{"count":1,"href":"https:\/\/lasallecuernavaca.edu.mx\/reflejos\/wp-json\/wp\/v2\/posts\/4364\/revisions"}],"predecessor-version":[{"id":4368,"href":"https:\/\/lasallecuernavaca.edu.mx\/reflejos\/wp-json\/wp\/v2\/posts\/4364\/revisions\/4368"}],"wp:featuredmedia":[{"embeddable":true,"href":"https:\/\/lasallecuernavaca.edu.mx\/reflejos\/wp-json\/wp\/v2\/media\/4367"}],"wp:attachment":[{"href":"https:\/\/lasallecuernavaca.edu.mx\/reflejos\/wp-json\/wp\/v2\/media?parent=4364"}],"wp:term":[{"taxonomy":"category","embeddable":true,"href":"https:\/\/lasallecuernavaca.edu.mx\/reflejos\/wp-json\/wp\/v2\/categories?post=4364"},{"taxonomy":"post_tag","embeddable":true,"href":"https:\/\/lasallecuernavaca.edu.mx\/reflejos\/wp-json\/wp\/v2\/tags?post=4364"}],"curies":[{"name":"wp","href":"https:\/\/api.w.org\/{rel}","templated":true}]}}