{"id":3943,"date":"2025-04-07T11:21:15","date_gmt":"2025-04-07T17:21:15","guid":{"rendered":"https:\/\/lasallecuernavaca.edu.mx\/reflejos\/?p=3943"},"modified":"2025-04-07T11:21:16","modified_gmt":"2025-04-07T17:21:16","slug":"frida-fernanda-abogada-aspirante-a-jueza-de-distrito-y-egresada-con-estrella","status":"publish","type":"post","link":"https:\/\/lasallecuernavaca.edu.mx\/reflejos\/2025\/frida-fernanda-abogada-aspirante-a-jueza-de-distrito-y-egresada-con-estrella\/","title":{"rendered":"Frida Fernanda: Abogada, aspirante a Jueza de Distrito y Egresada con Estrella"},"content":{"rendered":"\n<p>Frida Fernanda L\u00f3pez Hern\u00e1ndez egres\u00f3 de la Licenciatura en Derecho en 2018, as\u00ed como t\u00fa, es una egresada orgullosamente lasallista que ha transformado la realidad de su comunidad, es una Egresada con Estrella.&nbsp;<\/p>\n\n\n\n<p>Naci\u00f3 en Cuernavaca, vivi\u00f3 y creci\u00f3 entre las colonias La Carolina y Lomas de Ahuatl\u00e1n; ha recorrido el estado, permiti\u00e9ndole conocer la realidad y necesidades de su comunidad, identificar problemas y aportar soluciones innovadoras y sustentables, dando vida al perfil de egreso lasallista. Actualmente es aspirante a Jueza de Distrito de competencia mixta. \u200b(Vargas Aguilar, 2013)\u200b&nbsp;<\/p>\n\n\n\n<figure class=\"wp-block-image size-large\"><img decoding=\"async\" loading=\"lazy\" width=\"682\" height=\"1024\" src=\"https:\/\/lasallecuernavaca.edu.mx\/reflejos\/wp-content\/uploads\/2025\/04\/thumbnail_Nota-bim_Mar-25_Frida-Fernanda-682x1024.jpg\" alt=\"\" class=\"wp-image-3944\" srcset=\"https:\/\/lasallecuernavaca.edu.mx\/reflejos\/wp-content\/uploads\/2025\/04\/thumbnail_Nota-bim_Mar-25_Frida-Fernanda-682x1024.jpg 682w, https:\/\/lasallecuernavaca.edu.mx\/reflejos\/wp-content\/uploads\/2025\/04\/thumbnail_Nota-bim_Mar-25_Frida-Fernanda-200x300.jpg 200w, https:\/\/lasallecuernavaca.edu.mx\/reflejos\/wp-content\/uploads\/2025\/04\/thumbnail_Nota-bim_Mar-25_Frida-Fernanda-768x1154.jpg 768w, https:\/\/lasallecuernavaca.edu.mx\/reflejos\/wp-content\/uploads\/2025\/04\/thumbnail_Nota-bim_Mar-25_Frida-Fernanda.jpg 852w\" sizes=\"(max-width: 682px) 100vw, 682px\" \/><\/figure>\n\n\n\n<p>Continu\u00f3 su formaci\u00f3n profesional con una especialidad en Justicia Administrativa por el Centro de Estudios del TFJA y con una maestr\u00eda en Derecho Electoral por la Escuela Judicial Electoral. Adem\u00e1s, ha concluido sus estudios de Maestr\u00eda en Derecho Administrativo, as\u00ed como de Maestr\u00eda en Derecho Constitucional, Amparo y Derechos Humanos por la Universidad de Ciencias Jur\u00eddicas de Morelos, donde ahora cursa el Doctorado en Derecho.&nbsp;<\/p>\n\n\n\n<p>Comprometida, como egresada lasallista, en coadyuvar a alcanzar condiciones de justicia y de convivencia pac\u00edfica, arm\u00f3nica y participativa, incidiendo en la transformaci\u00f3n jur\u00eddico-pol\u00edtica del Estado y de la sociedad, destaca su vocaci\u00f3n por las causas justas, los derechos de las mujeres y la transparencia y rendici\u00f3n de cuentas. \u200b(Universidad La Salle Cuernavaca, 2025)\u200b&nbsp;<\/p>\n\n\n\n<p>Adem\u00e1s, participa en la construcci\u00f3n de un futuro esperanzador en su entorno, ya que ha sido catedr\u00e1tica a nivel licenciatura y posgrado, y se ha desarrollado profesionalmente tanto en el litigio como en el servicio p\u00fablico, colaborando en el Poder Ejecutivo a nivel municipal y estatal, en el Poder Legislativo a nivel federal y en la funci\u00f3n jurisdiccional del Estado. \u200b(Vargas Aguilar, 2013)\u200b&nbsp;<\/p>\n\n\n\n<p>Como es caracter\u00edstico en los egresados lasallistas, Frida ha sido capaz de trabajar en favor de la equidad, la solidaridad y armon\u00eda social impartiendo justicia con perspectiva de g\u00e9nero y compromiso social como representante del avance de las mujeres en la justicia y consolidaci\u00f3n de un Estado de derecho m\u00e1s igualitario. \u200b(Vargas Aguilar, 2013)\u200b&nbsp;<\/p>\n\n\n\n<p>Hoy se desempe\u00f1a como Subsecretaria General de Acuerdos en el Tribunal de Justicia Administrativa del Estado de Morelos, donde colabora desde hace m\u00e1s de seis a\u00f1os, demostrando que es capaz de construir ambientes colaborativos e inclusivos. \u200b(Vargas Aguilar, 2013)\u200b&nbsp;<\/p>\n\n\n\n<p>\u200b\u200bReferencias&nbsp;<\/p>\n\n\n\n<p>\u200b\u200bUniversidad La Salle Cuernavaca. (2025). <em>Universidad La Salle Cuernavaca<\/em>. Recuperado el 20 de 02 de 2025, de Licenciatura en Derecho: https:\/\/www.lasallecuernavaca.edu.mx\/wp\/escuela-de-derecho\/derecho\/&nbsp;<\/p>\n\n\n\n<p>\u200bVargas Aguilar, J. A. (2013). <em>Aprender saberes, desarrollar proyectos y compartir capacidades y valores. Modelo educativo Universidad La Salle.<\/em> (Primera edici\u00f3n ed.). Ciudad de M\u00e9xico: De La Salle Ediciones.&nbsp;<\/p>\n\n\n\n<p>\u200b\u200b\u200b&nbsp;<\/p>\n","protected":false},"excerpt":{"rendered":"<p>Frida Fernanda L\u00f3pez Hern\u00e1ndez egres\u00f3 de la Licenciatura en Derecho en 2018, as\u00ed como t\u00fa, es una egresada orgullosamente lasallista que ha transformado la realidad de su comunidad, es una Egresada con Estrella.&nbsp; Naci\u00f3 en Cuernavaca, vivi\u00f3 y creci\u00f3 entre las colonias La Carolina y Lomas de Ahuatl\u00e1n; ha recorrido el estado, permiti\u00e9ndole conocer la [&hellip;]<\/p>\n","protected":false},"author":7,"featured_media":3946,"comment_status":"closed","ping_status":"open","sticky":false,"template":"","format":"standard","meta":{"footnotes":""},"categories":[12,1],"tags":[263,262,264,100],"_links":{"self":[{"href":"https:\/\/lasallecuernavaca.edu.mx\/reflejos\/wp-json\/wp\/v2\/posts\/3943"}],"collection":[{"href":"https:\/\/lasallecuernavaca.edu.mx\/reflejos\/wp-json\/wp\/v2\/posts"}],"about":[{"href":"https:\/\/lasallecuernavaca.edu.mx\/reflejos\/wp-json\/wp\/v2\/types\/post"}],"author":[{"embeddable":true,"href":"https:\/\/lasallecuernavaca.edu.mx\/reflejos\/wp-json\/wp\/v2\/users\/7"}],"replies":[{"embeddable":true,"href":"https:\/\/lasallecuernavaca.edu.mx\/reflejos\/wp-json\/wp\/v2\/comments?post=3943"}],"version-history":[{"count":2,"href":"https:\/\/lasallecuernavaca.edu.mx\/reflejos\/wp-json\/wp\/v2\/posts\/3943\/revisions"}],"predecessor-version":[{"id":3947,"href":"https:\/\/lasallecuernavaca.edu.mx\/reflejos\/wp-json\/wp\/v2\/posts\/3943\/revisions\/3947"}],"wp:featuredmedia":[{"embeddable":true,"href":"https:\/\/lasallecuernavaca.edu.mx\/reflejos\/wp-json\/wp\/v2\/media\/3946"}],"wp:attachment":[{"href":"https:\/\/lasallecuernavaca.edu.mx\/reflejos\/wp-json\/wp\/v2\/media?parent=3943"}],"wp:term":[{"taxonomy":"category","embeddable":true,"href":"https:\/\/lasallecuernavaca.edu.mx\/reflejos\/wp-json\/wp\/v2\/categories?post=3943"},{"taxonomy":"post_tag","embeddable":true,"href":"https:\/\/lasallecuernavaca.edu.mx\/reflejos\/wp-json\/wp\/v2\/tags?post=3943"}],"curies":[{"name":"wp","href":"https:\/\/api.w.org\/{rel}","templated":true}]}}